{"id":30205,"date":"2025-11-21T16:40:48","date_gmt":"2025-11-21T20:40:48","guid":{"rendered":"https:\/\/mintrabajo.gob.bo\/?post_type=nota_prensa&#038;p=30205"},"modified":"2025-11-21T16:40:48","modified_gmt":"2025-11-21T20:40:48","slug":"ministro-de-trabajo-retoma-talleres-de-asistencia-tecnica-en-cooperacion-bilateral-con-espana","status":"publish","type":"nota_prensa","link":"https:\/\/mintrabajo.gob.bo\/index.php\/nota_prensa\/ministro-de-trabajo-retoma-talleres-de-asistencia-tecnica-en-cooperacion-bilateral-con-espana\/","title":{"rendered":"MINISTRO DE TRABAJO RETOMA TALLERES DE ASISTENCIA T\u00c9CNICA EN COOPERACI\u00d3N BILATERAL CON ESPA\u00d1A"},"featured_media":30207,"template":"","class_list":["post-30205","nota_prensa","type-nota_prensa","status-publish","has-post-thumbnail","hentry"],"acf":[],"_links":{"self":[{"href":"https:\/\/mintrabajo.gob.bo\/index.php\/wp-json\/wp\/v2\/nota_prensa\/30205","targetHints":{"allow":["GET"]}}],"collection":[{"href":"https:\/\/mintrabajo.gob.bo\/index.php\/wp-json\/wp\/v2\/nota_prensa"}],"about":[{"href":"https:\/\/mintrabajo.gob.bo\/index.php\/wp-json\/wp\/v2\/types\/nota_prensa"}],"wp:featuredmedia":[{"embeddable":true,"href":"https:\/\/mintrabajo.gob.bo\/index.php\/wp-json\/wp\/v2\/media\/30207"}],"wp:attachment":[{"href":"https:\/\/mintrabajo.gob.bo\/index.php\/wp-json\/wp\/v2\/media?parent=30205"}],"curies":[{"name":"wp","href":"https:\/\/api.w.org\/{rel}","templated":true}]}}