{"id":29192,"date":"2025-11-20T11:16:10","date_gmt":"2025-11-20T15:16:10","guid":{"rendered":"https:\/\/mintrabajo.gob.bo\/?post_type=nota_prensa&#038;p=29192"},"modified":"2025-11-20T11:17:07","modified_gmt":"2025-11-20T15:17:07","slug":"comite-de-proteccion-de-nino-nina-y-adolescente-de-bermejo-se-capacito-sobre-la-ley-de-autorizacion-de-trabajo","status":"publish","type":"nota_prensa","link":"https:\/\/mintrabajo.gob.bo\/index.php\/nota_prensa\/comite-de-proteccion-de-nino-nina-y-adolescente-de-bermejo-se-capacito-sobre-la-ley-de-autorizacion-de-trabajo\/","title":{"rendered":"COMIT\u00c9 DE PROTECCI\u00d3N DE NI\u00d1O, NI\u00d1A Y ADOLESCENTE DE BERMEJO SE CAPACIT\u00d3 SOBRE LA LEY DE AUTORIZACI\u00d3N DE TRABAJO"},"featured_media":29194,"template":"","class_list":["post-29192","nota_prensa","type-nota_prensa","status-publish","has-post-thumbnail","hentry"],"acf":[],"_links":{"self":[{"href":"https:\/\/mintrabajo.gob.bo\/index.php\/wp-json\/wp\/v2\/nota_prensa\/29192","targetHints":{"allow":["GET"]}}],"collection":[{"href":"https:\/\/mintrabajo.gob.bo\/index.php\/wp-json\/wp\/v2\/nota_prensa"}],"about":[{"href":"https:\/\/mintrabajo.gob.bo\/index.php\/wp-json\/wp\/v2\/types\/nota_prensa"}],"wp:featuredmedia":[{"embeddable":true,"href":"https:\/\/mintrabajo.gob.bo\/index.php\/wp-json\/wp\/v2\/media\/29194"}],"wp:attachment":[{"href":"https:\/\/mintrabajo.gob.bo\/index.php\/wp-json\/wp\/v2\/media?parent=29192"}],"curies":[{"name":"wp","href":"https:\/\/api.w.org\/{rel}","templated":true}]}}