{"id":20932,"date":"2025-10-29T17:59:09","date_gmt":"2025-10-29T21:59:09","guid":{"rendered":"https:\/\/mintrabajo.gob.bo\/?post_type=nota_prensa&#038;p=20932"},"modified":"2025-10-29T17:59:09","modified_gmt":"2025-10-29T21:59:09","slug":"mediacion-del-ministerio-de-trabajo-permitio-que-trabajadores-de-industrias-venado-suspendan-huelga-de-brazos-caidos","status":"publish","type":"nota_prensa","link":"https:\/\/mintrabajo.gob.bo\/index.php\/nota_prensa\/mediacion-del-ministerio-de-trabajo-permitio-que-trabajadores-de-industrias-venado-suspendan-huelga-de-brazos-caidos\/","title":{"rendered":"MEDIACI\u00d3N DEL MINISTERIO DE TRABAJO PERMITI\u00d3 QUE TRABAJADORES DE INDUSTRIAS VENADO SUSPENDAN HUELGA DE BRAZOS CA\u00cdDOS"},"featured_media":20933,"template":"","class_list":["post-20932","nota_prensa","type-nota_prensa","status-publish","has-post-thumbnail","hentry"],"acf":[],"_links":{"self":[{"href":"https:\/\/mintrabajo.gob.bo\/index.php\/wp-json\/wp\/v2\/nota_prensa\/20932","targetHints":{"allow":["GET"]}}],"collection":[{"href":"https:\/\/mintrabajo.gob.bo\/index.php\/wp-json\/wp\/v2\/nota_prensa"}],"about":[{"href":"https:\/\/mintrabajo.gob.bo\/index.php\/wp-json\/wp\/v2\/types\/nota_prensa"}],"wp:featuredmedia":[{"embeddable":true,"href":"https:\/\/mintrabajo.gob.bo\/index.php\/wp-json\/wp\/v2\/media\/20933"}],"wp:attachment":[{"href":"https:\/\/mintrabajo.gob.bo\/index.php\/wp-json\/wp\/v2\/media?parent=20932"}],"curies":[{"name":"wp","href":"https:\/\/api.w.org\/{rel}","templated":true}]}}