{"id":20907,"date":"2025-09-29T13:00:06","date_gmt":"2025-09-29T17:00:06","guid":{"rendered":"https:\/\/mintrabajo.gob.bo\/?post_type=nota_prensa&#038;p=20907"},"modified":"2025-10-29T16:07:59","modified_gmt":"2025-10-29T20:07:59","slug":"familiares-de-trabajador-que-fallecio-en-mina-cobran-indemnizacion-en-potosi","status":"publish","type":"nota_prensa","link":"https:\/\/mintrabajo.gob.bo\/index.php\/nota_prensa\/familiares-de-trabajador-que-fallecio-en-mina-cobran-indemnizacion-en-potosi\/","title":{"rendered":"FAMILIARES DE TRABAJADOR QUE FALLECI\u00d3 EN MINA COBRAN INDEMNIZACI\u00d3N EN POTOS\u00cd"},"featured_media":20908,"template":"","class_list":["post-20907","nota_prensa","type-nota_prensa","status-publish","has-post-thumbnail","hentry"],"acf":[],"_links":{"self":[{"href":"https:\/\/mintrabajo.gob.bo\/index.php\/wp-json\/wp\/v2\/nota_prensa\/20907","targetHints":{"allow":["GET"]}}],"collection":[{"href":"https:\/\/mintrabajo.gob.bo\/index.php\/wp-json\/wp\/v2\/nota_prensa"}],"about":[{"href":"https:\/\/mintrabajo.gob.bo\/index.php\/wp-json\/wp\/v2\/types\/nota_prensa"}],"wp:featuredmedia":[{"embeddable":true,"href":"https:\/\/mintrabajo.gob.bo\/index.php\/wp-json\/wp\/v2\/media\/20908"}],"wp:attachment":[{"href":"https:\/\/mintrabajo.gob.bo\/index.php\/wp-json\/wp\/v2\/media?parent=20907"}],"curies":[{"name":"wp","href":"https:\/\/api.w.org\/{rel}","templated":true}]}}