{"id":20820,"date":"2025-10-28T11:35:16","date_gmt":"2025-10-28T15:35:16","guid":{"rendered":"https:\/\/mintrabajo.gob.bo\/?post_type=nota_prensa&#038;p=20820"},"modified":"2025-10-28T11:35:16","modified_gmt":"2025-10-28T15:35:16","slug":"ministro-de-trabajo-y-comision-de-transicion-celebran-reunion-de-coordinacion-y-entrega-de-informacion","status":"publish","type":"nota_prensa","link":"https:\/\/mintrabajo.gob.bo\/index.php\/nota_prensa\/ministro-de-trabajo-y-comision-de-transicion-celebran-reunion-de-coordinacion-y-entrega-de-informacion\/","title":{"rendered":"MINISTRO DE TRABAJO Y COMISI\u00d3N DE TRANSICI\u00d3N CELEBRAN REUNI\u00d3N DE COORDINACI\u00d3N Y ENTREGA DE INFORMACI\u00d3N"},"featured_media":20821,"template":"","class_list":["post-20820","nota_prensa","type-nota_prensa","status-publish","has-post-thumbnail","hentry"],"acf":[],"_links":{"self":[{"href":"https:\/\/mintrabajo.gob.bo\/index.php\/wp-json\/wp\/v2\/nota_prensa\/20820","targetHints":{"allow":["GET"]}}],"collection":[{"href":"https:\/\/mintrabajo.gob.bo\/index.php\/wp-json\/wp\/v2\/nota_prensa"}],"about":[{"href":"https:\/\/mintrabajo.gob.bo\/index.php\/wp-json\/wp\/v2\/types\/nota_prensa"}],"wp:featuredmedia":[{"embeddable":true,"href":"https:\/\/mintrabajo.gob.bo\/index.php\/wp-json\/wp\/v2\/media\/20821"}],"wp:attachment":[{"href":"https:\/\/mintrabajo.gob.bo\/index.php\/wp-json\/wp\/v2\/media?parent=20820"}],"curies":[{"name":"wp","href":"https:\/\/api.w.org\/{rel}","templated":true}]}}