{"id":19675,"date":"2025-10-13T11:13:39","date_gmt":"2025-10-13T15:13:39","guid":{"rendered":"http:\/\/186.121.201.150\/gobbo\/wordpress\/?post_type=nota_prensa&#038;p=19675"},"modified":"2025-10-29T16:04:49","modified_gmt":"2025-10-29T20:04:49","slug":"ministerio-de-trabajo-en-tarija-continua-realizando-la-posesion-de-comites-mixtos","status":"publish","type":"nota_prensa","link":"https:\/\/mintrabajo.gob.bo\/index.php\/nota_prensa\/ministerio-de-trabajo-en-tarija-continua-realizando-la-posesion-de-comites-mixtos\/","title":{"rendered":"MINISTERIO DE TRABAJO EN TARIJA CONTIN\u00daA REALIZANDO LA POSESI\u00d3N DE COMIT\u00c9S MIXTOS"},"featured_media":0,"template":"","class_list":["post-19675","nota_prensa","type-nota_prensa","status-publish","hentry"],"acf":[],"_links":{"self":[{"href":"https:\/\/mintrabajo.gob.bo\/index.php\/wp-json\/wp\/v2\/nota_prensa\/19675","targetHints":{"allow":["GET"]}}],"collection":[{"href":"https:\/\/mintrabajo.gob.bo\/index.php\/wp-json\/wp\/v2\/nota_prensa"}],"about":[{"href":"https:\/\/mintrabajo.gob.bo\/index.php\/wp-json\/wp\/v2\/types\/nota_prensa"}],"wp:attachment":[{"href":"https:\/\/mintrabajo.gob.bo\/index.php\/wp-json\/wp\/v2\/media?parent=19675"}],"curies":[{"name":"wp","href":"https:\/\/api.w.org\/{rel}","templated":true}]}}