{"id":19534,"date":"2025-10-06T17:50:56","date_gmt":"2025-10-06T21:50:56","guid":{"rendered":"http:\/\/186.121.201.150\/gobbo\/wordpress\/?post_type=nota_prensa&#038;p=19534"},"modified":"2025-10-24T11:42:05","modified_gmt":"2025-10-24T15:42:05","slug":"ministerio-de-trabajo-realiza-inspeccion-de-verficacicion-a-presunto-caso-de-acoso-laboral-en-la-alcaldia-de-el-alto","status":"publish","type":"nota_prensa","link":"https:\/\/mintrabajo.gob.bo\/index.php\/nota_prensa\/ministerio-de-trabajo-realiza-inspeccion-de-verficacicion-a-presunto-caso-de-acoso-laboral-en-la-alcaldia-de-el-alto\/","title":{"rendered":"MINISTERIO DE TRABAJO REALIZA INSPECCI\u00d3N DE VERFICACICI\u00d3N A PRESUNTO CASO DE ACOSO LABORAL EN LA ALCALD\u00cdA DE EL ALTO"},"featured_media":0,"template":"","class_list":["post-19534","nota_prensa","type-nota_prensa","status-publish","hentry"],"acf":[],"_links":{"self":[{"href":"https:\/\/mintrabajo.gob.bo\/index.php\/wp-json\/wp\/v2\/nota_prensa\/19534","targetHints":{"allow":["GET"]}}],"collection":[{"href":"https:\/\/mintrabajo.gob.bo\/index.php\/wp-json\/wp\/v2\/nota_prensa"}],"about":[{"href":"https:\/\/mintrabajo.gob.bo\/index.php\/wp-json\/wp\/v2\/types\/nota_prensa"}],"wp:attachment":[{"href":"https:\/\/mintrabajo.gob.bo\/index.php\/wp-json\/wp\/v2\/media?parent=19534"}],"curies":[{"name":"wp","href":"https:\/\/api.w.org\/{rel}","templated":true}]}}