{"id":19477,"date":"2025-09-29T14:28:22","date_gmt":"2025-09-29T18:28:22","guid":{"rendered":"http:\/\/186.121.201.150\/gobbo\/wordpress\/?post_type=nota_prensa&#038;p=19477"},"modified":"2025-10-29T16:03:25","modified_gmt":"2025-10-29T20:03:25","slug":"en-coordinacion-con-la-union-europea-y-la-oit-se-inauguro-el-curso-especializado-de-prevencion-de-la-trata-y-trafico-enfocado-en-agencias-privadas-de-empleo","status":"publish","type":"nota_prensa","link":"https:\/\/mintrabajo.gob.bo\/index.php\/nota_prensa\/en-coordinacion-con-la-union-europea-y-la-oit-se-inauguro-el-curso-especializado-de-prevencion-de-la-trata-y-trafico-enfocado-en-agencias-privadas-de-empleo\/","title":{"rendered":"EN COORDINACI\u00d3N CON LA UNI\u00d3N EUROPEA Y LA OIT SE INAUGUR\u00d3 EL CURSO ESPECIALIZADO DE PREVENCI\u00d3N DE LA TRATA Y TR\u00c1FICO, ENFOCADO EN AGENCIAS PRIVADAS DE EMPLEO"},"featured_media":0,"template":"","class_list":["post-19477","nota_prensa","type-nota_prensa","status-publish","hentry"],"acf":[],"_links":{"self":[{"href":"https:\/\/mintrabajo.gob.bo\/index.php\/wp-json\/wp\/v2\/nota_prensa\/19477","targetHints":{"allow":["GET"]}}],"collection":[{"href":"https:\/\/mintrabajo.gob.bo\/index.php\/wp-json\/wp\/v2\/nota_prensa"}],"about":[{"href":"https:\/\/mintrabajo.gob.bo\/index.php\/wp-json\/wp\/v2\/types\/nota_prensa"}],"wp:attachment":[{"href":"https:\/\/mintrabajo.gob.bo\/index.php\/wp-json\/wp\/v2\/media?parent=19477"}],"curies":[{"name":"wp","href":"https:\/\/api.w.org\/{rel}","templated":true}]}}