{"id":19471,"date":"2025-09-29T14:06:24","date_gmt":"2025-09-29T18:06:24","guid":{"rendered":"http:\/\/186.121.201.150\/gobbo\/wordpress\/?post_type=nota_prensa&#038;p=19471"},"modified":"2025-10-24T11:39:22","modified_gmt":"2025-10-24T15:39:22","slug":"institucion-financiera-de-desarrollo-credito-con-educacion-cumple-con-normas-laborales","status":"publish","type":"nota_prensa","link":"https:\/\/mintrabajo.gob.bo\/index.php\/nota_prensa\/institucion-financiera-de-desarrollo-credito-con-educacion-cumple-con-normas-laborales\/","title":{"rendered":"INSTITUCI\u00d3N FINANCIERA DE DESARROLLO CR\u00c9DITO CON EDUCACI\u00d3N CUMPLE CON NORMAS LABORALES"},"featured_media":0,"template":"","class_list":["post-19471","nota_prensa","type-nota_prensa","status-publish","hentry"],"acf":[],"_links":{"self":[{"href":"https:\/\/mintrabajo.gob.bo\/index.php\/wp-json\/wp\/v2\/nota_prensa\/19471","targetHints":{"allow":["GET"]}}],"collection":[{"href":"https:\/\/mintrabajo.gob.bo\/index.php\/wp-json\/wp\/v2\/nota_prensa"}],"about":[{"href":"https:\/\/mintrabajo.gob.bo\/index.php\/wp-json\/wp\/v2\/types\/nota_prensa"}],"wp:attachment":[{"href":"https:\/\/mintrabajo.gob.bo\/index.php\/wp-json\/wp\/v2\/media?parent=19471"}],"curies":[{"name":"wp","href":"https:\/\/api.w.org\/{rel}","templated":true}]}}