{"id":18286,"date":"2025-08-08T15:03:48","date_gmt":"2025-08-08T19:03:48","guid":{"rendered":"http:\/\/186.121.201.150\/gobbo\/wordpress\/?post_type=nota_prensa&#038;p=18286"},"modified":"2025-09-18T15:05:08","modified_gmt":"2025-09-18T19:05:08","slug":"internado-nuestra-senora-de-fatima-se-beneficia-con-taller-de-capacitacion-sobre-trabajo-adolescente-en-monteagudo","status":"publish","type":"nota_prensa","link":"https:\/\/mintrabajo.gob.bo\/index.php\/nota_prensa\/internado-nuestra-senora-de-fatima-se-beneficia-con-taller-de-capacitacion-sobre-trabajo-adolescente-en-monteagudo\/","title":{"rendered":"INTERNADO NUESTRA SE\u00d1ORA DE F\u00c1TIMA SE BENEFICIA CON TALLER DE CAPACITACI\u00d3N SOBRE TRABAJO ADOLESCENTE EN MONTEAGUDO"},"featured_media":0,"template":"","class_list":["post-18286","nota_prensa","type-nota_prensa","status-publish","hentry"],"acf":[],"_links":{"self":[{"href":"https:\/\/mintrabajo.gob.bo\/index.php\/wp-json\/wp\/v2\/nota_prensa\/18286","targetHints":{"allow":["GET"]}}],"collection":[{"href":"https:\/\/mintrabajo.gob.bo\/index.php\/wp-json\/wp\/v2\/nota_prensa"}],"about":[{"href":"https:\/\/mintrabajo.gob.bo\/index.php\/wp-json\/wp\/v2\/types\/nota_prensa"}],"wp:attachment":[{"href":"https:\/\/mintrabajo.gob.bo\/index.php\/wp-json\/wp\/v2\/media?parent=18286"}],"curies":[{"name":"wp","href":"https:\/\/api.w.org\/{rel}","templated":true}]}}