{"id":17879,"date":"2025-08-20T10:24:23","date_gmt":"2025-08-20T14:24:23","guid":{"rendered":"http:\/\/186.121.201.150\/gobbo\/wordpress\/?post_type=nota_prensa&#038;p=17879"},"modified":"2025-09-17T10:26:30","modified_gmt":"2025-09-17T14:26:30","slug":"servidores-publicos-se-suman-a-la-campana-de-donacion-de-sangre-impulsada-por-la-direccion-de-prevision-social","status":"publish","type":"nota_prensa","link":"https:\/\/mintrabajo.gob.bo\/index.php\/nota_prensa\/servidores-publicos-se-suman-a-la-campana-de-donacion-de-sangre-impulsada-por-la-direccion-de-prevision-social\/","title":{"rendered":"SERVIDORES P\u00daBLICOS SE SUMAN A LA CAMPA\u00d1A DE DONACI\u00d3N DE SANGRE IMPULSADA POR LA DIRECCI\u00d3N DE PREVISI\u00d3N SOCIAL"},"featured_media":0,"template":"","class_list":["post-17879","nota_prensa","type-nota_prensa","status-publish","hentry"],"acf":[],"_links":{"self":[{"href":"https:\/\/mintrabajo.gob.bo\/index.php\/wp-json\/wp\/v2\/nota_prensa\/17879","targetHints":{"allow":["GET"]}}],"collection":[{"href":"https:\/\/mintrabajo.gob.bo\/index.php\/wp-json\/wp\/v2\/nota_prensa"}],"about":[{"href":"https:\/\/mintrabajo.gob.bo\/index.php\/wp-json\/wp\/v2\/types\/nota_prensa"}],"wp:attachment":[{"href":"https:\/\/mintrabajo.gob.bo\/index.php\/wp-json\/wp\/v2\/media?parent=17879"}],"curies":[{"name":"wp","href":"https:\/\/api.w.org\/{rel}","templated":true}]}}