{"id":17662,"date":"2025-08-25T16:12:15","date_gmt":"2025-08-25T20:12:15","guid":{"rendered":"http:\/\/186.121.201.150\/gobbo\/wordpress\/?post_type=nota_prensa&#038;p=17662"},"modified":"2025-09-16T16:13:44","modified_gmt":"2025-09-16T20:13:44","slug":"ministerio-de-trabajo-en-beni-posesiona-a-comite-mixto-de-planta-de-procesamiento-de-lacteos-san-andres","status":"publish","type":"nota_prensa","link":"https:\/\/mintrabajo.gob.bo\/index.php\/nota_prensa\/ministerio-de-trabajo-en-beni-posesiona-a-comite-mixto-de-planta-de-procesamiento-de-lacteos-san-andres\/","title":{"rendered":"MINISTERIO DE TRABAJO EN BENI POSESIONA A COMIT\u00c9 MIXTO DE PLANTA DE PROCESAMIENTO DE L\u00c1CTEOS SAN ANDR\u00c9S"},"featured_media":0,"template":"","class_list":["post-17662","nota_prensa","type-nota_prensa","status-publish","hentry"],"acf":[],"_links":{"self":[{"href":"https:\/\/mintrabajo.gob.bo\/index.php\/wp-json\/wp\/v2\/nota_prensa\/17662","targetHints":{"allow":["GET"]}}],"collection":[{"href":"https:\/\/mintrabajo.gob.bo\/index.php\/wp-json\/wp\/v2\/nota_prensa"}],"about":[{"href":"https:\/\/mintrabajo.gob.bo\/index.php\/wp-json\/wp\/v2\/types\/nota_prensa"}],"wp:attachment":[{"href":"https:\/\/mintrabajo.gob.bo\/index.php\/wp-json\/wp\/v2\/media?parent=17662"}],"curies":[{"name":"wp","href":"https:\/\/api.w.org\/{rel}","templated":true}]}}