{"id":17582,"date":"2025-08-29T14:53:56","date_gmt":"2025-08-29T18:53:56","guid":{"rendered":"http:\/\/186.121.201.150\/gobbo\/wordpress\/?post_type=nota_prensa&#038;p=17582"},"modified":"2025-09-16T14:57:42","modified_gmt":"2025-09-16T18:57:42","slug":"direccion-de-empleo-fortalece-conocimiento-de-estudiantes-de-la-universidad-autonoma-tomas-frias","status":"publish","type":"nota_prensa","link":"https:\/\/mintrabajo.gob.bo\/index.php\/nota_prensa\/direccion-de-empleo-fortalece-conocimiento-de-estudiantes-de-la-universidad-autonoma-tomas-frias\/","title":{"rendered":"DIRECCI\u00d3N DE EMPLEO FORTALECE CONOCIMIENTO DE ESTUDIANTES DE LA UNIVERSIDAD AUT\u00d3NOMA TOM\u00c1S FR\u00cdAS"},"featured_media":0,"template":"","class_list":["post-17582","nota_prensa","type-nota_prensa","status-publish","hentry"],"acf":[],"_links":{"self":[{"href":"https:\/\/mintrabajo.gob.bo\/index.php\/wp-json\/wp\/v2\/nota_prensa\/17582","targetHints":{"allow":["GET"]}}],"collection":[{"href":"https:\/\/mintrabajo.gob.bo\/index.php\/wp-json\/wp\/v2\/nota_prensa"}],"about":[{"href":"https:\/\/mintrabajo.gob.bo\/index.php\/wp-json\/wp\/v2\/types\/nota_prensa"}],"wp:attachment":[{"href":"https:\/\/mintrabajo.gob.bo\/index.php\/wp-json\/wp\/v2\/media?parent=17582"}],"curies":[{"name":"wp","href":"https:\/\/api.w.org\/{rel}","templated":true}]}}