{"id":17560,"date":"2025-09-01T14:34:43","date_gmt":"2025-09-01T18:34:43","guid":{"rendered":"http:\/\/186.121.201.150\/gobbo\/wordpress\/?post_type=nota_prensa&#038;p=17560"},"modified":"2025-09-16T14:35:57","modified_gmt":"2025-09-16T18:35:57","slug":"en-oruro-se-realizo-la-posesion-del-comite-mixto-del-banco-economico","status":"publish","type":"nota_prensa","link":"https:\/\/mintrabajo.gob.bo\/index.php\/nota_prensa\/en-oruro-se-realizo-la-posesion-del-comite-mixto-del-banco-economico\/","title":{"rendered":"EN ORURO SE REALIZ\u00d3 LA POSESI\u00d3N DEL COMIT\u00c9 MIXTO DEL BANCO ECON\u00d3MICO"},"featured_media":0,"template":"","class_list":["post-17560","nota_prensa","type-nota_prensa","status-publish","hentry"],"acf":[],"_links":{"self":[{"href":"https:\/\/mintrabajo.gob.bo\/index.php\/wp-json\/wp\/v2\/nota_prensa\/17560","targetHints":{"allow":["GET"]}}],"collection":[{"href":"https:\/\/mintrabajo.gob.bo\/index.php\/wp-json\/wp\/v2\/nota_prensa"}],"about":[{"href":"https:\/\/mintrabajo.gob.bo\/index.php\/wp-json\/wp\/v2\/types\/nota_prensa"}],"wp:attachment":[{"href":"https:\/\/mintrabajo.gob.bo\/index.php\/wp-json\/wp\/v2\/media?parent=17560"}],"curies":[{"name":"wp","href":"https:\/\/api.w.org\/{rel}","templated":true}]}}