{"id":17503,"date":"2025-09-03T13:27:43","date_gmt":"2025-09-03T17:27:43","guid":{"rendered":"http:\/\/186.121.201.150\/gobbo\/wordpress\/?post_type=nota_prensa&#038;p=17503"},"modified":"2025-09-16T13:29:02","modified_gmt":"2025-09-16T17:29:02","slug":"empresa-dedicada-a-la-extraccion-de-aridos-es-observada-por-carencia-de-senaleticas-de-seguridad-en-puerto-suarez","status":"publish","type":"nota_prensa","link":"https:\/\/mintrabajo.gob.bo\/index.php\/nota_prensa\/empresa-dedicada-a-la-extraccion-de-aridos-es-observada-por-carencia-de-senaleticas-de-seguridad-en-puerto-suarez\/","title":{"rendered":"EMPRESA DEDICADA A LA EXTRACCI\u00d3N DE \u00c1RIDOS ES OBSERVADA POR CARENCIA DE SE\u00d1AL\u00c9TICAS DE SEGURIDAD EN PUERTO SU\u00c1REZ"},"featured_media":0,"template":"","class_list":["post-17503","nota_prensa","type-nota_prensa","status-publish","hentry"],"acf":[],"_links":{"self":[{"href":"https:\/\/mintrabajo.gob.bo\/index.php\/wp-json\/wp\/v2\/nota_prensa\/17503","targetHints":{"allow":["GET"]}}],"collection":[{"href":"https:\/\/mintrabajo.gob.bo\/index.php\/wp-json\/wp\/v2\/nota_prensa"}],"about":[{"href":"https:\/\/mintrabajo.gob.bo\/index.php\/wp-json\/wp\/v2\/types\/nota_prensa"}],"wp:attachment":[{"href":"https:\/\/mintrabajo.gob.bo\/index.php\/wp-json\/wp\/v2\/media?parent=17503"}],"curies":[{"name":"wp","href":"https:\/\/api.w.org\/{rel}","templated":true}]}}