{"id":1053,"date":"2025-09-15T21:08:49","date_gmt":"2025-09-16T01:08:49","guid":{"rendered":"http:\/\/192.168.241.171\/gobbo\/wordpress\/?post_type=nota_prensa&#038;p=1053"},"modified":"2025-09-16T10:32:41","modified_gmt":"2025-09-16T14:32:41","slug":"bolivia-participo-en-la-xix-edicion-de-la-convencion-y-feria-internacional-informatica-2024-y-el-iv-encuentro-nacional-sobre-observatorios-de-ciencia-tecnologia-e-innovacion-en-la-habana-cuba","status":"publish","type":"nota_prensa","link":"https:\/\/mintrabajo.gob.bo\/index.php\/nota_prensa\/bolivia-participo-en-la-xix-edicion-de-la-convencion-y-feria-internacional-informatica-2024-y-el-iv-encuentro-nacional-sobre-observatorios-de-ciencia-tecnologia-e-innovacion-en-la-habana-cuba\/","title":{"rendered":"SERVIDORES P\u00daBLICOS DE LA AGENCIA BOLIVIANA DE CORREOS Y V\u00cdAS BOLIVIA SE PREPARAN EN \u00c9TICA P\u00daBLICA PLURINACIONAL"},"featured_media":0,"template":"","class_list":["post-1053","nota_prensa","type-nota_prensa","status-publish","hentry"],"acf":[],"_links":{"self":[{"href":"https:\/\/mintrabajo.gob.bo\/index.php\/wp-json\/wp\/v2\/nota_prensa\/1053","targetHints":{"allow":["GET"]}}],"collection":[{"href":"https:\/\/mintrabajo.gob.bo\/index.php\/wp-json\/wp\/v2\/nota_prensa"}],"about":[{"href":"https:\/\/mintrabajo.gob.bo\/index.php\/wp-json\/wp\/v2\/types\/nota_prensa"}],"wp:attachment":[{"href":"https:\/\/mintrabajo.gob.bo\/index.php\/wp-json\/wp\/v2\/media?parent=1053"}],"curies":[{"name":"wp","href":"https:\/\/api.w.org\/{rel}","templated":true}]}}